{"id":246,"date":"2017-08-25T14:37:06","date_gmt":"2017-08-25T17:37:06","guid":{"rendered":"http:\/\/www2.unicentro.br\/pet-letras\/?p=246"},"modified":"2017-08-25T14:37:06","modified_gmt":"2017-08-25T17:37:06","slug":"resumo-da-obra-lacos-de-familia-de-clarice-lispector","status":"publish","type":"post","link":"https:\/\/www2.unicentro.br\/pet-letras\/2017\/08\/25\/resumo-da-obra-lacos-de-familia-de-clarice-lispector\/","title":{"rendered":"RESUMO DA OBRA &#8220;LA\u00c7OS DE FAM\u00cdLIA&#8221;, DE CLARICE LISPECTOR"},"content":{"rendered":"<div>Contexto social e hist\u00f3rico: O ano de 1945 marca o fim da Segunda Guerra Mundial e mostra o mundo que <a href=\"http:\/\/www2.unicentro.br\/pet-letras\/files\/2017\/08\/maxresdefault.jpg\"><img loading=\"lazy\" decoding=\"async\" class=\"size-medium wp-image-247 alignright\" src=\"http:\/\/www2.unicentro.br\/pet-letras\/files\/2017\/08\/maxresdefault-200x300.jpg\" alt=\"\" width=\"200\" height=\"300\" srcset=\"https:\/\/www2.unicentro.br\/pet-letras\/files\/2017\/08\/maxresdefault-200x300.jpg 200w, https:\/\/www2.unicentro.br\/pet-letras\/files\/2017\/08\/maxresdefault.jpg 683w\" sizes=\"auto, (max-width: 200px) 100vw, 200px\" \/><\/a>sobreviveu a Hitler e aos campos de concentra\u00e7\u00e3o, \u00e0 bomba at\u00f4mica de Hiroshima e a todos os horrores da guerra. No Brasil, o ano de 1945 marca o fim do Estado Novo de Get\u00falio Vargas e o in\u00edcio de certa experi\u00eancia democr\u00e1tica que terminaria<span class=\"text_exposed_show\">\u00a0bruscamente em 1\u00ba de abril de 1964.<\/span><\/div>\n<div><\/div>\n<div><span class=\"text_exposed_show\">Estilo liter\u00e1rio da \u00e9poca: Modernismo. A prosa de fic\u00e7\u00e3o da terceira fase do Modernismo brasileiro, sobretudo a de Guimar\u00e3es Rosa e a de Clarice Lispector, \u00e9 o exemplo melhor do uso da linguagem como instrumento para captar o universo humano e sugerir a amplitude de sua dimens\u00e3o, apresentando o corpo humano e a natureza.<\/span><\/div>\n<div><\/div>\n<div>Sobre a obra: La\u00e7os de fam\u00edlia \u00e9 uma colet\u00e2nea, publicada em 1960 que traz hist\u00f3rias da classe m\u00e9dia carioca, mais ou menos na d\u00e9cada de 50. \u00c9 um livro constitu\u00eddo de 13 contos, e eles se interligam atrav\u00e9s de uma tem\u00e1tica comum a quase todos: o desentendimento familiar.<\/div>\n<div><\/div>\n<div>Os contos que comp\u00f5e a obra s\u00e3o:<\/div>\n<div><\/div>\n<div>\u00b7 Devaneio e Embriaguez duma Rapariga;<\/div>\n<div><\/div>\n<div>\u00b7 Amor;<\/div>\n<div><\/div>\n<div>\u00b7 Uma Galinha;<\/div>\n<div><\/div>\n<div>\u00b7 A Imita\u00e7\u00e3o da Rosa;<\/div>\n<div><\/div>\n<div>\u00b7 Feliz Anivers\u00e1rio;<\/div>\n<div><\/div>\n<div>\u00b7 A Menor Mulher do Mundo;<\/div>\n<div><\/div>\n<div>\u00b7 O Jantar;<\/div>\n<div><\/div>\n<div>\u00b7 Preciosidade;<\/div>\n<div><\/div>\n<div>\u00b7 Os La\u00e7os de Fam\u00edlia;<\/div>\n<p>&nbsp;<\/p>\n<div>\u00b7 Come\u00e7os de uma Fortuna;<\/div>\n<div><\/div>\n<div>\u00b7 Mist\u00e9rios em S\u00e3o Crist\u00f3v\u00e3o;<\/div>\n<div><\/div>\n<div>\u00b7 O Crime do Professor de Matem\u00e1tica;<\/div>\n<div><\/div>\n<div>\u00b7 O B\u00fafalo.<\/div>\n<div><\/div>\n<div>Sobre a autora: Clarice Lispector, nasceu na Ucr\u00e2nia em 1920, mas veio para o Brasil quando ainda era crian\u00e7a, a fam\u00edlia, que era judia, estava fugindo da persegui\u00e7\u00e3o religiosa. Em 1925 muda-se com a fam\u00edlia para a cidade do Recife onde Clarice passa sua inf\u00e2ncia no Bairro da Boa Vista. Aprendeu a ler e escrever muito nova. Com 19 anos publica seu primeiro conto &#8220;Triunfo&#8221; no seman\u00e1rio Pan. Em 1943 forma-se em Direito e casa-se com o amigo de turma Maury Gurgel Valente. Em novembro de 1977 soube que sofria de c\u00e2ncer generalizado. Clarice Lispector morreu no Rio de Janeiro, no dia 9 de dezembro de 1977.<\/div>\n<p>&nbsp;<\/p>\n","protected":false},"excerpt":{"rendered":"<p>Contexto social e hist\u00f3rico: O ano de 1945 marca o fim da Segunda Guerra Mundial e mostra o mundo que sobreviveu a Hitler e aos campos de concentra\u00e7\u00e3o, \u00e0 bomba at\u00f4mica de Hiroshima e a todos os horrores da guerra. No Brasil, o ano de 1945 marca o fim do Estado Novo de Get\u00falio Vargas [&hellip;]<\/p>\n","protected":false},"author":142,"featured_media":0,"comment_status":"open","ping_status":"open","sticky":false,"template":"","format":"standard","meta":{"_exactmetrics_skip_tracking":false,"_exactmetrics_sitenote_active":false,"_exactmetrics_sitenote_note":"","_exactmetrics_sitenote_category":0,"ngg_post_thumbnail":0,"footnotes":"","_links_to":"","_links_to_target":""},"categories":[1],"tags":[],"class_list":["post-246","post","type-post","status-publish","format-standard","hentry","category-sem-categoria"],"_links":{"self":[{"href":"https:\/\/www2.unicentro.br\/pet-letras\/wp-json\/wp\/v2\/posts\/246","targetHints":{"allow":["GET"]}}],"collection":[{"href":"https:\/\/www2.unicentro.br\/pet-letras\/wp-json\/wp\/v2\/posts"}],"about":[{"href":"https:\/\/www2.unicentro.br\/pet-letras\/wp-json\/wp\/v2\/types\/post"}],"author":[{"embeddable":true,"href":"https:\/\/www2.unicentro.br\/pet-letras\/wp-json\/wp\/v2\/users\/142"}],"replies":[{"embeddable":true,"href":"https:\/\/www2.unicentro.br\/pet-letras\/wp-json\/wp\/v2\/comments?post=246"}],"version-history":[{"count":3,"href":"https:\/\/www2.unicentro.br\/pet-letras\/wp-json\/wp\/v2\/posts\/246\/revisions"}],"predecessor-version":[{"id":250,"href":"https:\/\/www2.unicentro.br\/pet-letras\/wp-json\/wp\/v2\/posts\/246\/revisions\/250"}],"wp:attachment":[{"href":"https:\/\/www2.unicentro.br\/pet-letras\/wp-json\/wp\/v2\/media?parent=246"}],"wp:term":[{"taxonomy":"category","embeddable":true,"href":"https:\/\/www2.unicentro.br\/pet-letras\/wp-json\/wp\/v2\/categories?post=246"},{"taxonomy":"post_tag","embeddable":true,"href":"https:\/\/www2.unicentro.br\/pet-letras\/wp-json\/wp\/v2\/tags?post=246"}],"curies":[{"name":"wp","href":"https:\/\/api.w.org\/{rel}","templated":true}]}}